{"id":42,"date":"2020-04-15T14:19:53","date_gmt":"2020-04-15T14:19:53","guid":{"rendered":"https:\/\/www.krone-cham.ch\/?p=42"},"modified":"2022-07-25T09:05:28","modified_gmt":"2022-07-25T09:05:28","slug":"interview-zugerwoche","status":"publish","type":"post","link":"https:\/\/www.krone-cham.ch\/index.php\/2020\/04\/15\/interview-zugerwoche\/","title":{"rendered":"Interview Zugerwoche"},"content":{"rendered":"<p><img decoding=\"async\" src=\"wp-content\/uploads\/2020\/04\/gasthaus-krone-interview-zugerwoche-rafi-zugeschnitten-960x365-1.jpg\" alt=\"\"><\/p>\n<h1>Rafael Mendoza wurde von der Zuger Woche interviewt.<\/h1>\n<div>\n<p>Nicht nur f\u00fcr das Gasthaus Krone in Cham, sondern auch f\u00fcr Gastro Zug mit Leidenschaft unterwegs. Carissimi saluti Rafi &amp; Team<\/p>\n<\/div>\n<p><!-- {\"type\":\"layout\",\"children\":[{\"type\":\"section\",\"props\":{\"style\":\"default\",\"width\":\"default\",\"vertical_align\":\"middle\",\"title_position\":\"top-left\",\"title_rotation\":\"left\",\"title_breakpoint\":\"xl\",\"image_position\":\"center-center\",\"text_color\":\"\",\"width_expand\":\"\",\"height\":\"\",\"padding\":\"\",\"header_transparent\":\"\",\"animation\":\"\"},\"children\":[{\"type\":\"row\",\"props\":{\"layout\":\"1-1\",\"breakpoint\":\"m\",\"fixed_width\":\"large\",\"column_gap\":\"\",\"row_gap\":\"\",\"width\":\"\",\"width_expand\":\"\",\"height\":\"\",\"margin\":\"\"},\"children\":[{\"type\":\"column\",\"props\":{\"image_position\":\"center-center\",\"media_overlay_gradient\":\"\",\"vertical_align\":\"\",\"style\":\"\",\"text_color\":\"\",\"padding\":\"\"},\"children\":[{\"type\":\"image\",\"props\":{\"margin\":\"default\",\"image_svg_color\":\"emphasis\",\"link_target\":\"\",\"image_border\":\"\",\"image_box_shadow\":\"\",\"image_hover_box_shadow\":\"\",\"image_box_decoration\":\"\",\"position\":\"\",\"position_z_index\":\"\",\"maxwidth\":\"\",\"maxwidth_breakpoint\":\"\",\"block_align\":\"\",\"block_align_breakpoint\":\"\",\"block_align_fallback\":\"\",\"text_align\":\"\",\"text_align_breakpoint\":\"\",\"text_align_fallback\":\"\",\"animation\":\"\",\"visibility\":\"\",\"image\":\"wp-content\\\/uploads\\\/2020\\\/04\\\/gasthaus-krone-interview-zugerwoche-rafi-zugeschnitten-960x365-1.jpg\"}},{\"type\":\"headline\",\"props\":{\"title_element\":\"h1\",\"title_style\":\"\",\"title_decoration\":\"\",\"title_font_family\":\"\",\"title_color\":\"\",\"position\":\"\",\"position_z_index\":\"\",\"margin\":\"\",\"maxwidth\":\"\",\"maxwidth_breakpoint\":\"\",\"block_align\":\"\",\"block_align_breakpoint\":\"\",\"block_align_fallback\":\"\",\"text_align\":\"\",\"text_align_breakpoint\":\"\",\"text_align_fallback\":\"\",\"animation\":\"\",\"visibility\":\"\",\"content\":\"Rafael Mendoza wurde von der Zuger Woche interviewt.\"}},{\"type\":\"text\",\"props\":{\"margin\":\"default\",\"column_breakpoint\":\"m\",\"text_style\":\"\",\"text_color\":\"\",\"text_size\":\"\",\"column\":\"\",\"position\":\"\",\"position_z_index\":\"\",\"maxwidth\":\"\",\"maxwidth_breakpoint\":\"\",\"block_align\":\"\",\"block_align_breakpoint\":\"\",\"block_align_fallback\":\"\",\"text_align\":\"\",\"text_align_breakpoint\":\"\",\"text_align_fallback\":\"\",\"animation\":\"\",\"visibility\":\"\",\"content\":\"\n\n<p>Nicht nur f\\u00fcr das Gasthaus Krone in Cham, sondern auch f\\u00fcr Gastro Zug mit Leidenschaft unterwegs. Carissimi saluti Rafi &amp; Team<\\\/p>\"}}]}]}]}],\"version\":\"1.22.8\"} --><\/p>\n","protected":false},"excerpt":{"rendered":"<p>Rafael Mendoza wurde von der Zuger Woche interviewt. Nicht nur f\u00fcr das Gasthaus Krone in Cham, sondern auch f\u00fcr Gastro Zug mit Leidenschaft unterwegs. Carissimi saluti Rafi &amp; Team<\/p>\n","protected":false},"author":1,"featured_media":0,"comment_status":"closed","ping_status":"open","sticky":false,"template":"","format":"standard","meta":{"footnotes":""},"categories":[1],"tags":[],"class_list":["post-42","post","type-post","status-publish","format-standard","hentry","category-allgemein"],"yoast_head":"<!-- This site is optimized with the Yoast SEO plugin v27.4 - https:\/\/yoast.com\/product\/yoast-seo-wordpress\/ -->\n<title>Interview Zugerwoche - Gasthaus Krone | italienisches Restaurant in Cham ganz in der N\u00e4he von Zug.<\/title>\n<meta name=\"robots\" content=\"index, follow, max-snippet:-1, max-image-preview:large, max-video-preview:-1\" \/>\n<link rel=\"canonical\" href=\"https:\/\/www.krone-cham.ch\/index.php\/2020\/04\/15\/interview-zugerwoche\/\" \/>\n<meta property=\"og:locale\" content=\"de_DE\" \/>\n<meta property=\"og:type\" content=\"article\" \/>\n<meta property=\"og:title\" content=\"Interview Zugerwoche - Gasthaus Krone | italienisches Restaurant in Cham ganz in der N\u00e4he von Zug.\" \/>\n<meta property=\"og:description\" content=\"Rafael Mendoza wurde von der Zuger Woche interviewt. Nicht nur f\u00fcr das Gasthaus Krone in Cham, sondern auch f\u00fcr Gastro Zug mit Leidenschaft unterwegs. Carissimi saluti Rafi &amp; Team\" \/>\n<meta property=\"og:url\" content=\"https:\/\/www.krone-cham.ch\/index.php\/2020\/04\/15\/interview-zugerwoche\/\" \/>\n<meta property=\"og:site_name\" content=\"Gasthaus Krone | italienisches Restaurant in Cham ganz in der N\u00e4he von Zug.\" \/>\n<meta property=\"article:published_time\" content=\"2020-04-15T14:19:53+00:00\" \/>\n<meta property=\"article:modified_time\" content=\"2022-07-25T09:05:28+00:00\" \/>\n<meta name=\"author\" content=\"weberei_admin\" \/>\n<meta name=\"twitter:card\" content=\"summary_large_image\" \/>\n<meta name=\"twitter:label1\" content=\"Geschrieben von\" \/>\n\t<meta name=\"twitter:data1\" content=\"weberei_admin\" \/>\n<script type=\"application\/ld+json\" class=\"yoast-schema-graph\">{\"@context\":\"https:\\\/\\\/schema.org\",\"@graph\":[{\"@type\":\"Article\",\"@id\":\"https:\\\/\\\/www.krone-cham.ch\\\/index.php\\\/2020\\\/04\\\/15\\\/interview-zugerwoche\\\/#article\",\"isPartOf\":{\"@id\":\"https:\\\/\\\/www.krone-cham.ch\\\/index.php\\\/2020\\\/04\\\/15\\\/interview-zugerwoche\\\/\"},\"author\":{\"name\":\"weberei_admin\",\"@id\":\"https:\\\/\\\/www.krone-cham.ch\\\/#\\\/schema\\\/person\\\/caaa4476d2386d53a1022b586c4e99e9\"},\"headline\":\"Interview Zugerwoche\",\"datePublished\":\"2020-04-15T14:19:53+00:00\",\"dateModified\":\"2022-07-25T09:05:28+00:00\",\"mainEntityOfPage\":{\"@id\":\"https:\\\/\\\/www.krone-cham.ch\\\/index.php\\\/2020\\\/04\\\/15\\\/interview-zugerwoche\\\/\"},\"wordCount\":33,\"inLanguage\":\"de-CH\"},{\"@type\":\"WebPage\",\"@id\":\"https:\\\/\\\/www.krone-cham.ch\\\/index.php\\\/2020\\\/04\\\/15\\\/interview-zugerwoche\\\/\",\"url\":\"https:\\\/\\\/www.krone-cham.ch\\\/index.php\\\/2020\\\/04\\\/15\\\/interview-zugerwoche\\\/\",\"name\":\"Interview Zugerwoche - Gasthaus Krone | italienisches Restaurant in Cham ganz in der N\u00e4he von Zug.\",\"isPartOf\":{\"@id\":\"https:\\\/\\\/www.krone-cham.ch\\\/#website\"},\"datePublished\":\"2020-04-15T14:19:53+00:00\",\"dateModified\":\"2022-07-25T09:05:28+00:00\",\"author\":{\"@id\":\"https:\\\/\\\/www.krone-cham.ch\\\/#\\\/schema\\\/person\\\/caaa4476d2386d53a1022b586c4e99e9\"},\"breadcrumb\":{\"@id\":\"https:\\\/\\\/www.krone-cham.ch\\\/index.php\\\/2020\\\/04\\\/15\\\/interview-zugerwoche\\\/#breadcrumb\"},\"inLanguage\":\"de-CH\",\"potentialAction\":[{\"@type\":\"ReadAction\",\"target\":[\"https:\\\/\\\/www.krone-cham.ch\\\/index.php\\\/2020\\\/04\\\/15\\\/interview-zugerwoche\\\/\"]}]},{\"@type\":\"BreadcrumbList\",\"@id\":\"https:\\\/\\\/www.krone-cham.ch\\\/index.php\\\/2020\\\/04\\\/15\\\/interview-zugerwoche\\\/#breadcrumb\",\"itemListElement\":[{\"@type\":\"ListItem\",\"position\":1,\"name\":\"Home\",\"item\":\"https:\\\/\\\/www.krone-cham.ch\\\/\"},{\"@type\":\"ListItem\",\"position\":2,\"name\":\"Interview Zugerwoche\"}]},{\"@type\":\"WebSite\",\"@id\":\"https:\\\/\\\/www.krone-cham.ch\\\/#website\",\"url\":\"https:\\\/\\\/www.krone-cham.ch\\\/\",\"name\":\"Gasthaus Krone | italienisches Restaurant in Cham ganz in der N\u00e4he von Zug.\",\"description\":\"Italienischer Genuss f\u00fcr Ihren Businesslunch, romantische Abende oder Familientreffen.\",\"potentialAction\":[{\"@type\":\"SearchAction\",\"target\":{\"@type\":\"EntryPoint\",\"urlTemplate\":\"https:\\\/\\\/www.krone-cham.ch\\\/?s={search_term_string}\"},\"query-input\":{\"@type\":\"PropertyValueSpecification\",\"valueRequired\":true,\"valueName\":\"search_term_string\"}}],\"inLanguage\":\"de-CH\"},{\"@type\":\"Person\",\"@id\":\"https:\\\/\\\/www.krone-cham.ch\\\/#\\\/schema\\\/person\\\/caaa4476d2386d53a1022b586c4e99e9\",\"name\":\"weberei_admin\",\"image\":{\"@type\":\"ImageObject\",\"inLanguage\":\"de-CH\",\"@id\":\"https:\\\/\\\/secure.gravatar.com\\\/avatar\\\/6879b49cf58d1d80a8eab30189b0015bdd9eb3314e84e7aaf221dc6c17e970ac?s=96&d=mm&r=g\",\"url\":\"https:\\\/\\\/secure.gravatar.com\\\/avatar\\\/6879b49cf58d1d80a8eab30189b0015bdd9eb3314e84e7aaf221dc6c17e970ac?s=96&d=mm&r=g\",\"contentUrl\":\"https:\\\/\\\/secure.gravatar.com\\\/avatar\\\/6879b49cf58d1d80a8eab30189b0015bdd9eb3314e84e7aaf221dc6c17e970ac?s=96&d=mm&r=g\",\"caption\":\"weberei_admin\"},\"sameAs\":[\"https:\\\/\\\/www.krone-cham.ch\"],\"url\":\"https:\\\/\\\/www.krone-cham.ch\\\/index.php\\\/author\\\/weberei_admin\\\/\"}]}<\/script>\n<!-- \/ Yoast SEO plugin. -->","yoast_head_json":{"title":"Interview Zugerwoche - Gasthaus Krone | italienisches Restaurant in Cham ganz in der N\u00e4he von Zug.","robots":{"index":"index","follow":"follow","max-snippet":"max-snippet:-1","max-image-preview":"max-image-preview:large","max-video-preview":"max-video-preview:-1"},"canonical":"https:\/\/www.krone-cham.ch\/index.php\/2020\/04\/15\/interview-zugerwoche\/","og_locale":"de_DE","og_type":"article","og_title":"Interview Zugerwoche - Gasthaus Krone | italienisches Restaurant in Cham ganz in der N\u00e4he von Zug.","og_description":"Rafael Mendoza wurde von der Zuger Woche interviewt. Nicht nur f\u00fcr das Gasthaus Krone in Cham, sondern auch f\u00fcr Gastro Zug mit Leidenschaft unterwegs. Carissimi saluti Rafi &amp; Team","og_url":"https:\/\/www.krone-cham.ch\/index.php\/2020\/04\/15\/interview-zugerwoche\/","og_site_name":"Gasthaus Krone | italienisches Restaurant in Cham ganz in der N\u00e4he von Zug.","article_published_time":"2020-04-15T14:19:53+00:00","article_modified_time":"2022-07-25T09:05:28+00:00","author":"weberei_admin","twitter_card":"summary_large_image","twitter_misc":{"Geschrieben von":"weberei_admin"},"schema":{"@context":"https:\/\/schema.org","@graph":[{"@type":"Article","@id":"https:\/\/www.krone-cham.ch\/index.php\/2020\/04\/15\/interview-zugerwoche\/#article","isPartOf":{"@id":"https:\/\/www.krone-cham.ch\/index.php\/2020\/04\/15\/interview-zugerwoche\/"},"author":{"name":"weberei_admin","@id":"https:\/\/www.krone-cham.ch\/#\/schema\/person\/caaa4476d2386d53a1022b586c4e99e9"},"headline":"Interview Zugerwoche","datePublished":"2020-04-15T14:19:53+00:00","dateModified":"2022-07-25T09:05:28+00:00","mainEntityOfPage":{"@id":"https:\/\/www.krone-cham.ch\/index.php\/2020\/04\/15\/interview-zugerwoche\/"},"wordCount":33,"inLanguage":"de-CH"},{"@type":"WebPage","@id":"https:\/\/www.krone-cham.ch\/index.php\/2020\/04\/15\/interview-zugerwoche\/","url":"https:\/\/www.krone-cham.ch\/index.php\/2020\/04\/15\/interview-zugerwoche\/","name":"Interview Zugerwoche - Gasthaus Krone | italienisches Restaurant in Cham ganz in der N\u00e4he von Zug.","isPartOf":{"@id":"https:\/\/www.krone-cham.ch\/#website"},"datePublished":"2020-04-15T14:19:53+00:00","dateModified":"2022-07-25T09:05:28+00:00","author":{"@id":"https:\/\/www.krone-cham.ch\/#\/schema\/person\/caaa4476d2386d53a1022b586c4e99e9"},"breadcrumb":{"@id":"https:\/\/www.krone-cham.ch\/index.php\/2020\/04\/15\/interview-zugerwoche\/#breadcrumb"},"inLanguage":"de-CH","potentialAction":[{"@type":"ReadAction","target":["https:\/\/www.krone-cham.ch\/index.php\/2020\/04\/15\/interview-zugerwoche\/"]}]},{"@type":"BreadcrumbList","@id":"https:\/\/www.krone-cham.ch\/index.php\/2020\/04\/15\/interview-zugerwoche\/#breadcrumb","itemListElement":[{"@type":"ListItem","position":1,"name":"Home","item":"https:\/\/www.krone-cham.ch\/"},{"@type":"ListItem","position":2,"name":"Interview Zugerwoche"}]},{"@type":"WebSite","@id":"https:\/\/www.krone-cham.ch\/#website","url":"https:\/\/www.krone-cham.ch\/","name":"Gasthaus Krone | italienisches Restaurant in Cham ganz in der N\u00e4he von Zug.","description":"Italienischer Genuss f\u00fcr Ihren Businesslunch, romantische Abende oder Familientreffen.","potentialAction":[{"@type":"SearchAction","target":{"@type":"EntryPoint","urlTemplate":"https:\/\/www.krone-cham.ch\/?s={search_term_string}"},"query-input":{"@type":"PropertyValueSpecification","valueRequired":true,"valueName":"search_term_string"}}],"inLanguage":"de-CH"},{"@type":"Person","@id":"https:\/\/www.krone-cham.ch\/#\/schema\/person\/caaa4476d2386d53a1022b586c4e99e9","name":"weberei_admin","image":{"@type":"ImageObject","inLanguage":"de-CH","@id":"https:\/\/secure.gravatar.com\/avatar\/6879b49cf58d1d80a8eab30189b0015bdd9eb3314e84e7aaf221dc6c17e970ac?s=96&d=mm&r=g","url":"https:\/\/secure.gravatar.com\/avatar\/6879b49cf58d1d80a8eab30189b0015bdd9eb3314e84e7aaf221dc6c17e970ac?s=96&d=mm&r=g","contentUrl":"https:\/\/secure.gravatar.com\/avatar\/6879b49cf58d1d80a8eab30189b0015bdd9eb3314e84e7aaf221dc6c17e970ac?s=96&d=mm&r=g","caption":"weberei_admin"},"sameAs":["https:\/\/www.krone-cham.ch"],"url":"https:\/\/www.krone-cham.ch\/index.php\/author\/weberei_admin\/"}]}},"_links":{"self":[{"href":"https:\/\/www.krone-cham.ch\/index.php\/wp-json\/wp\/v2\/posts\/42","targetHints":{"allow":["GET"]}}],"collection":[{"href":"https:\/\/www.krone-cham.ch\/index.php\/wp-json\/wp\/v2\/posts"}],"about":[{"href":"https:\/\/www.krone-cham.ch\/index.php\/wp-json\/wp\/v2\/types\/post"}],"author":[{"embeddable":true,"href":"https:\/\/www.krone-cham.ch\/index.php\/wp-json\/wp\/v2\/users\/1"}],"replies":[{"embeddable":true,"href":"https:\/\/www.krone-cham.ch\/index.php\/wp-json\/wp\/v2\/comments?post=42"}],"version-history":[{"count":3,"href":"https:\/\/www.krone-cham.ch\/index.php\/wp-json\/wp\/v2\/posts\/42\/revisions"}],"predecessor-version":[{"id":52,"href":"https:\/\/www.krone-cham.ch\/index.php\/wp-json\/wp\/v2\/posts\/42\/revisions\/52"}],"wp:attachment":[{"href":"https:\/\/www.krone-cham.ch\/index.php\/wp-json\/wp\/v2\/media?parent=42"}],"wp:term":[{"taxonomy":"category","embeddable":true,"href":"https:\/\/www.krone-cham.ch\/index.php\/wp-json\/wp\/v2\/categories?post=42"},{"taxonomy":"post_tag","embeddable":true,"href":"https:\/\/www.krone-cham.ch\/index.php\/wp-json\/wp\/v2\/tags?post=42"}],"curies":[{"name":"wp","href":"https:\/\/api.w.org\/{rel}","templated":true}]}}